{"id":1254,"date":"2023-05-12T14:42:03","date_gmt":"2023-05-12T12:42:03","guid":{"rendered":"https:\/\/ambstoccolma.esteri.it\/news\/dall_ambasciata\/2023\/05\/comunicato-stampa-l-ambasciatore_0-2\/"},"modified":"2023-05-12T14:42:03","modified_gmt":"2023-05-12T12:42:03","slug":"comunicato-stampa-l-ambasciatore_0-2","status":"publish","type":"post","link":"https:\/\/ambstoccolma.esteri.it\/en\/news\/dall_ambasciata\/2023\/05\/comunicato-stampa-l-ambasciatore_0-2\/","title":{"rendered":"PRESSMEDDELANDE &#8211; Ambassad\u00f6r Vinicio Mati invigde den 4:e upplagan av Italienska Filmfestivalen i Sverige"},"content":{"rendered":"<p>Den italienskproducerade filmen &#8220;The Eight Mountains&#8221;, regisserad av Felix van Groeningen och Charlotte Vandermeersh baserad p\u00e5 romanen av Paolo Cognetti, Strega-vinnare 2017, invigde den fj\u00e4rde upplagan av den italienska filmfestivalen i Stockholm. Filmfestivalen arrangerades av Cinecitt\u00e0 i samarbete med Italiens ambassad, det italienska kulturinstitutet och italienska utrikeshandelsbyr\u00e5n. Ambassad\u00f6r Vinicio Mati \u00f6ppnade den fyra dagar l\u00e5nga festivalen genom att ber\u00e4tta om sin stora k\u00e4rlek till film och hur stora italienska och svenska filmer genom tiderna har bidragit till den \u00f6msesidiga f\u00f6rst\u00e5elsen mellan l\u00e4nderna samt skapat ett djupt band mellan generationer. Han p\u00e5minde ocks\u00e5 om att Cinecitt\u00e0 \u00e4r en v\u00e4rldsber\u00f6md institution som har spelat en oumb\u00e4rlig roll i den italienska och internationella filmens historia, med sina 3 000 producerade filmer, varav 90 nominerade till Oscarsgalan och 51 prisvinnande. \u00c5rets upplaga erbj\u00f6d en inblick i den nya italienska filmutbudet, genom att presentera filmer av numera klassiska filmskapare, som Paolo Virz\u00ec (Siccit\u00e0), Francesca Archibugi (Il Colibr\u00ec, baserad p\u00e5 Veronesis roman, \u00e4ven denna vinnare av Premio Strega 2021), Roberto And\u00f2 (La Stranezza, inspirerad av Pirandellos biografiska ber\u00e4ttelse) och Emanuele Crialese (l&#8217;Immensit\u00e0). F\u00f6rutom kopplingen mellan film och litteratur har festivalen ocks\u00e5 haft m\u00e5let att belysa aktuella fr\u00e5gor genom produktionen av nya intressanta talanger, s\u00e5som Marta Savina (Primadonna) och Lydia Patitucci (Come pecore in mezzo ai lupi), samt sk\u00e5despelarna Luca Marinelli och Alessandro Borghi. Festivalen \u00e4gde rum i den prestigefyllda nyrenoverade lokalen Bio Capitol, en historisk filmteater iStockholm som nyligen moderniserats. Festivalen var v\u00e4lbes\u00f6kt av publiken och fick s\u00e4rskild uppm\u00e4rksamhet av filmrecensenterna.<\/p>\n","protected":false},"excerpt":{"rendered":"Den italienskproducerade filmen &#8220;The Eight Mountains&#8221;, regisserad av Felix van Groeningen och Charlotte Vandermeersh baserad p\u00e5 romanen av Paolo Cognetti, Strega-vinnare 2017, invigde den fj\u00e4rde upplagan av den italienska filmfestivalen i Stockholm. Filmfestivalen arrangerades av Cinecitt\u00e0 i samarbete med Italiens ambassad, det italienska kulturinstitutet och italienska utrikeshandelsbyr\u00e5n. Ambassad\u00f6r Vinicio Mati \u00f6ppnade den fyra dagar l\u00e5nga [&hellip;]","protected":false},"author":1,"featured_media":0,"comment_status":"closed","ping_status":"closed","sticky":false,"template":"","format":"standard","meta":{"footnotes":""},"tags":[],"class_list":["post-1254","post","type-post","status-publish","format-standard","hentry"],"_links":{"self":[{"href":"https:\/\/ambstoccolma.esteri.it\/en\/wp-json\/wp\/v2\/posts\/1254","targetHints":{"allow":["GET"]}}],"collection":[{"href":"https:\/\/ambstoccolma.esteri.it\/en\/wp-json\/wp\/v2\/posts"}],"about":[{"href":"https:\/\/ambstoccolma.esteri.it\/en\/wp-json\/wp\/v2\/types\/post"}],"author":[{"embeddable":true,"href":"https:\/\/ambstoccolma.esteri.it\/en\/wp-json\/wp\/v2\/users\/1"}],"replies":[{"embeddable":true,"href":"https:\/\/ambstoccolma.esteri.it\/en\/wp-json\/wp\/v2\/comments?post=1254"}],"version-history":[{"count":0,"href":"https:\/\/ambstoccolma.esteri.it\/en\/wp-json\/wp\/v2\/posts\/1254\/revisions"}],"wp:attachment":[{"href":"https:\/\/ambstoccolma.esteri.it\/en\/wp-json\/wp\/v2\/media?parent=1254"}],"wp:term":[{"taxonomy":"post_tag","embeddable":true,"href":"https:\/\/ambstoccolma.esteri.it\/en\/wp-json\/wp\/v2\/tags?post=1254"}],"curies":[{"name":"wp","href":"https:\/\/api.w.org\/{rel}","templated":true}]}}