{"id":1260,"date":"2023-04-14T15:36:28","date_gmt":"2023-04-14T13:36:28","guid":{"rendered":"https:\/\/ambstoccolma.esteri.it\/news\/dall_ambasciata\/2023\/04\/giornata-della-ricerca-italiana_0-2\/"},"modified":"2023-04-14T15:36:28","modified_gmt":"2023-04-14T13:36:28","slug":"giornata-della-ricerca-italiana_0-2","status":"publish","type":"post","link":"https:\/\/ambstoccolma.esteri.it\/en\/news\/dall_ambasciata\/2023\/04\/giornata-della-ricerca-italiana_0-2\/","title":{"rendered":"ITALIENSKA FORSKNINGSDAGEN I V\u00c4RLDEN \u2013 15 APRIL 2023"},"content":{"rendered":"<p style=\"text-align: justify;\">Den 15 april firas den 6:e Italienska Forskningsdagen i v\u00e4rlden, ett samarbete mellan italienska Utrikesdepartmentet och Departementet f\u00f6r Forskning och H\u00f6gre Studier.<\/p>\n<p style=\"text-align: justify;\">Under denna dag, \u00e5rsdagen f\u00f6r Leonardo Da Vincis f\u00f6delse, publicerar den italienska Ambassaden multimedialt inneh\u00e5ll f\u00f6r att \u00e4ra n\u00e5gra utvalda g\u00e4rningar inom vetenskap och innovation.<\/p>\n<p>De f\u00f6rsta, samlade i serien <a href=\"https:\/\/www.youtube.com\/watch?v=FHnGceZwXdk\">\u201dWe Love Science\u201d best\u00e5r av videouppladdningar WE Love Science &#8211; GRIM 2023<\/a> d\u00e4r \u00e5tta konstn\u00e4rer interagerar med forskare fr\u00e5n:<\/p>\n<p style=\"text-align: justify;\">\u2022 National Institute for Astrophysics \u2013 Nationella Teleskopet Galileo p\u00e5 Kanarie\u00f6arna<br \/>\u2022 National Institute of Geophysics and Volcanology i Neapel<br \/>\u2022 Elettra Sincrotrone i Trieste<br \/>\u2022 The Institute of Marine Engineering in Rome<br \/>\u2022 Sos Enattos site in Sardinia<br \/>\u2022 National Institute for Physics \u2013 Gran Sasso National Laboratories<br \/>\u2022 Cagliari Astronomical Observatory &#8211; National Institute of Astrophysics<br \/>\u2022 Italian Space Agency \u2013 avdelningen i Matera<\/p>\n<p>De andra, under <a href=\"https:\/\/www.youtube.com\/watch?v=INiQfpM3k5I\">\u201cKvinnoportr\u00e4tt\u201d serien Ritratti di donne &#8211; Scienza<\/a> skildrar n\u00e5gra framg\u00e5ngsrika kvinnor inom dagens forskning- och teknikv\u00e4rld.<\/p>\n<p>Den italienska Ambassaden i Sverige har \u00e4ran att ber\u00e4tta att tv\u00e5 av kvinnorna i denna serie, <a href=\"http:\/\/www.chiaramontanari.net\/en\/\"><span style=\"text-decoration: underline;\">Chiara Montanari<\/span><\/a> och <a href=\"https:\/\/www.gssi.it\/people\/professors\/lectures-physics\/item\/1997-branchesi-marica\"><span style=\"text-decoration: underline;\">Marica Branchesi<\/span><\/a>, kommer att bes\u00f6ka Stockholm under tv\u00e5 kommande evenemang, organiserade av Vetenskapsattach\u00e9n. Mer info kommer att publiceras p\u00e5 denna sajt och p\u00e5 sociala medier de n\u00e4rmaste veckorna.<\/p>\n","protected":false},"excerpt":{"rendered":"Den 15 april firas den 6:e Italienska Forskningsdagen i v\u00e4rlden, ett samarbete mellan italienska Utrikesdepartmentet och Departementet f\u00f6r Forskning och H\u00f6gre Studier. Under denna dag, \u00e5rsdagen f\u00f6r Leonardo Da Vincis f\u00f6delse, publicerar den italienska Ambassaden multimedialt inneh\u00e5ll f\u00f6r att \u00e4ra n\u00e5gra utvalda g\u00e4rningar inom vetenskap och innovation. De f\u00f6rsta, samlade i serien \u201dWe Love Science\u201d [&hellip;]","protected":false},"author":1,"featured_media":0,"comment_status":"","ping_status":"","sticky":false,"template":"","format":"standard","meta":{"footnotes":""},"tags":[],"class_list":["post-1260","post","type-post","status-publish","format-standard","hentry"],"_links":{"self":[{"href":"https:\/\/ambstoccolma.esteri.it\/en\/wp-json\/wp\/v2\/posts\/1260","targetHints":{"allow":["GET"]}}],"collection":[{"href":"https:\/\/ambstoccolma.esteri.it\/en\/wp-json\/wp\/v2\/posts"}],"about":[{"href":"https:\/\/ambstoccolma.esteri.it\/en\/wp-json\/wp\/v2\/types\/post"}],"author":[{"embeddable":true,"href":"https:\/\/ambstoccolma.esteri.it\/en\/wp-json\/wp\/v2\/users\/1"}],"replies":[{"embeddable":true,"href":"https:\/\/ambstoccolma.esteri.it\/en\/wp-json\/wp\/v2\/comments?post=1260"}],"version-history":[{"count":0,"href":"https:\/\/ambstoccolma.esteri.it\/en\/wp-json\/wp\/v2\/posts\/1260\/revisions"}],"wp:attachment":[{"href":"https:\/\/ambstoccolma.esteri.it\/en\/wp-json\/wp\/v2\/media?parent=1260"}],"wp:term":[{"taxonomy":"post_tag","embeddable":true,"href":"https:\/\/ambstoccolma.esteri.it\/en\/wp-json\/wp\/v2\/tags?post=1260"}],"curies":[{"name":"wp","href":"https:\/\/api.w.org\/{rel}","templated":true}]}}