{"id":1264,"date":"2023-03-17T12:16:17","date_gmt":"2023-03-17T11:16:17","guid":{"rendered":"https:\/\/ambstoccolma.esteri.it\/news\/dall_ambasciata\/2023\/03\/giornata-italo-svedese-della-difesa-2\/"},"modified":"2023-03-17T12:16:17","modified_gmt":"2023-03-17T11:16:17","slug":"giornata-italo-svedese-della-difesa-2","status":"publish","type":"post","link":"https:\/\/ambstoccolma.esteri.it\/en\/news\/dall_ambasciata\/2023\/03\/giornata-italo-svedese-della-difesa-2\/","title":{"rendered":"Italiensk-svensk f\u00f6rsvarsdagen i Sverige (15 mars 2023)"},"content":{"rendered":"<p>Den 15 mars h\u00f6lls den italiensk-svenska f\u00f6rsvarsdagen i Sverige organiserad av SOFF &#8211; S\u00e4kerhets- och f\u00f6rsvarsf\u00f6retagen, med deltagande av ledande f\u00f6retr\u00e4dare f\u00f6r den italienska f\u00f6rsvarsindustrin, inom den institutionella ramen och de samarbetsm\u00f6jligheter som Europeiska f\u00f6rsvarsfonden erbjuder. Evenemanget inleddes av Italiens ambassad\u00f6r i Sverige, Vinicio Mati, med en mottagning p\u00e5 residenset kv\u00e4llen innan. Ambassad\u00f6ren h\u00f6ll \u00e4ven i inledningsanf\u00f6randet vid workshopen som h\u00f6lls dagen d\u00e4rp\u00e5 p\u00e5 Finlandshuset.<\/p>\n<p>Bland de n\u00e4rvarande, som deltog i syfte att fr\u00e4mja m\u00f6jligheterna till samarbete och utbyte med strategiska partner i Sverige och i Italien, fanns f\u00f6retr\u00e4dare f\u00f6r det italienska f\u00f6rsvarets generalsekretariat, f\u00f6retr\u00e4dare f\u00f6r svenska f\u00f6rsvaret och Europeiska kommissionen samt sektorns ledande italienska och svenska f\u00f6retag. Fr\u00e5n den italienska sidan deltog Leonardo, MBDA, Iveco och Fincanteri.<\/p>\n<p>\u00a0<\/p>\n<p><a href=\"resource\/doc\/2023\/03\/program-ver-3.pdf\">PROGRAM<\/a><\/p>\n","protected":false},"excerpt":{"rendered":"Den 15 mars h\u00f6lls den italiensk-svenska f\u00f6rsvarsdagen i Sverige organiserad av SOFF &#8211; S\u00e4kerhets- och f\u00f6rsvarsf\u00f6retagen, med deltagande av ledande f\u00f6retr\u00e4dare f\u00f6r den italienska f\u00f6rsvarsindustrin, inom den institutionella ramen och de samarbetsm\u00f6jligheter som Europeiska f\u00f6rsvarsfonden erbjuder. Evenemanget inleddes av Italiens ambassad\u00f6r i Sverige, Vinicio Mati, med en mottagning p\u00e5 residenset kv\u00e4llen innan. Ambassad\u00f6ren h\u00f6ll \u00e4ven [&hellip;]","protected":false},"author":1,"featured_media":0,"comment_status":"","ping_status":"","sticky":false,"template":"","format":"standard","meta":{"footnotes":""},"tags":[],"class_list":["post-1264","post","type-post","status-publish","format-standard","hentry"],"_links":{"self":[{"href":"https:\/\/ambstoccolma.esteri.it\/en\/wp-json\/wp\/v2\/posts\/1264","targetHints":{"allow":["GET"]}}],"collection":[{"href":"https:\/\/ambstoccolma.esteri.it\/en\/wp-json\/wp\/v2\/posts"}],"about":[{"href":"https:\/\/ambstoccolma.esteri.it\/en\/wp-json\/wp\/v2\/types\/post"}],"author":[{"embeddable":true,"href":"https:\/\/ambstoccolma.esteri.it\/en\/wp-json\/wp\/v2\/users\/1"}],"replies":[{"embeddable":true,"href":"https:\/\/ambstoccolma.esteri.it\/en\/wp-json\/wp\/v2\/comments?post=1264"}],"version-history":[{"count":0,"href":"https:\/\/ambstoccolma.esteri.it\/en\/wp-json\/wp\/v2\/posts\/1264\/revisions"}],"wp:attachment":[{"href":"https:\/\/ambstoccolma.esteri.it\/en\/wp-json\/wp\/v2\/media?parent=1264"}],"wp:term":[{"taxonomy":"post_tag","embeddable":true,"href":"https:\/\/ambstoccolma.esteri.it\/en\/wp-json\/wp\/v2\/tags?post=1264"}],"curies":[{"name":"wp","href":"https:\/\/api.w.org\/{rel}","templated":true}]}}