{"id":1280,"date":"2022-12-06T15:59:56","date_gmt":"2022-12-06T14:59:56","guid":{"rendered":"https:\/\/ambstoccolma.esteri.it\/news\/dall_ambasciata\/2022\/12\/il-premio-nobel-giorgio-parisi-2\/"},"modified":"2022-12-06T15:59:56","modified_gmt":"2022-12-06T14:59:56","slug":"il-premio-nobel-giorgio-parisi-2","status":"publish","type":"post","link":"https:\/\/ambstoccolma.esteri.it\/en\/news\/dall_ambasciata\/2022\/12\/il-premio-nobel-giorgio-parisi-2\/","title":{"rendered":"Nobelpristagare Giorgio Parisi bes\u00f6ker Stockholm den 9 december"},"content":{"rendered":"<p style=\"text-align: justify;\"><strong>Fredagen den 9 december kl 15.30 bjuder italienska ambassaden in till ett publikt m\u00f6te med fjol\u00e5rets Nobelpristagare i fysik, professor Giorgio Parisi. Ett pris f\u00f6r Parisis uppt\u00e4ckter om dolda m\u00f6nster i oordnade komplexa material. P\u00e5 eventet kommer han prata om \u201dScience for Peace\u201d.<\/strong><br \/><strong>Ambassad\u00f6r Vinicio Mati tackar Professor Parisi f\u00f6r sitt bes\u00f6k och gratulerar honom f\u00f6r hederspriset, och framf\u00f6r \u00e4ven kongratulationer fr\u00e5n de italienska myndigheterna och fr\u00e5n landsm\u00e4nnen i Sverige. Priset \u00e4r en stolthet f\u00f6r Italien och alla sina forskare i Italien och i v\u00e4rlden.<\/strong><\/p>\n<p style=\"text-align: justify;\">\u201dUnder hela sin karr\u00e4r har Prof. Parisi, tack vare sina enast\u00e5ende resultat, inte bara varit representant f\u00f6r vetenskapliga dygder och uppt\u00e4kternas genialitet men \u00e4ven en f\u00f6rebild n\u00e4r det g\u00e4ller drivkraften inom forskning, en extraordin\u00e4r passionerad l\u00e4rare och djupt engagerad i civilsamh\u00e4llet\u201d ber\u00e4ttar Ambassad\u00f6r Vinicio Mati.<br \/>Parisis civila engagemang har lett honom till att vara initiativtagare inom olika viktiga fr\u00e5gor, b\u00e5de f\u00f6r det italienska samh\u00e4llet och det internationella, som exempelvis viljan att uppm\u00e4rksamma problematiken kring klimatf\u00f6r\u00e4ndring i den politiska agendan hos regeringarna.<br \/>Professor Parisi har tillsammans med forskarsamfundet, v\u00e4djat till italienska Republikens president Sergio Mattarella, att rikta st\u00f6rre fokus p\u00e5 fr\u00e5gorna kring klimatkrisen.<br \/>Under sitt bes\u00f6k i Stockholm, \u00f6nskar Parisi \u00e4ven lyfta fram vetenskapens viktiga bidrag n\u00e4r det g\u00e4ller fredsskapande. Redan i december 2021 hade han tillsammans med andra femtio Nobelpristagare och vetenskapskollegor v\u00e4djat till alla l\u00e4nder i v\u00e4rlden f\u00f6r att rikta mer resurser till fredsm\u00e5l och bek\u00e4mpningen av klimatf\u00f6r\u00e4ndringarna.<br \/>Parisi har \u00e4ven bland alla initiativ inom italiensk innovation och forskning, erbjudit sitt bidrag f\u00f6r att st\u00f6ja Roms kandidatur inf\u00f6r v\u00e4rldsutst\u00e4llningen 2030.<br \/>&#8211; L\u00e4nk till <a href=\"https:\/\/www.expo2030roma.org\/en\/\">https:\/\/www.expo2030roma.org\/en\/<\/a>\u00a0<\/p>\n<p style=\"text-align: justify;\"><strong>Istituto Italiano di Cultura di Stoccolma<\/strong><\/p>\n<p style=\"text-align: justify;\">Det publika m\u00f6tet med Giorgio Parisi arrangeras i Auditoriet p\u00e5 det Italienska Kulturinstitutet p\u00e5 G\u00e4rdet. Ett hus som sedan invigningen 1958 \u00e4r en mycket viktig f\u00f6rbindelsel\u00e4nk mellan Italien och Sverige och fr\u00e4mjar kulturarbetet l\u00e4nderna emellan. Byggnaden och den st\u00f6rre delen av institutets inredning \u00e4r designat av Gi\u00f2 Ponti och arkitekten Nervi. Med sina eleganta, l\u00e4tta och assymetriska former \u00e4r Italienska Kulturinstitutet ett av de mest kompletta exemplen av Pontis design och den italienska arkitekturen fr\u00e5n efterkrigstiden.<\/p>\n<p style=\"text-align: justify;\"><strong>Program 9 december, start 15.30, p\u00e5 engelska.<\/strong><br \/><strong>Samtalet p\u00e5 scen leds av moderator Eva Krutmeijer, vetenskaplig kommunikat\u00f6r.<\/strong><\/p>\n<p style=\"text-align: justify;\">&#8211; V\u00e4lkommen av ambassad\u00f6r Vinicio Mati.<br \/>&#8211; Giorgio Parisis tal \u201dScience for Peace\u201d, \u00f6ppen diskussion och Q&#038;A.<br \/>&#8211; Italiensk aperitivo och f\u00f6rhandsbokade intervjuer f\u00f6r press med professor Giorgio Parisi (kl. 16.40-17.00).<\/p>\n<p style=\"text-align: justify;\">Press anm\u00e4ler sin n\u00e4rvaro direkt till pressansvarig f\u00f6r eventet, maria@stockholm-campagnan.se alternativt till +46 709 48 99 90<\/p>\n<p style=\"text-align: justify;\">F\u00f6r ytterligare info om eventet: <a href=\"mailto:eventi@esteri.it\">eventi.stockholm@esteri.it<\/a>\u00a0<\/p>\n","protected":false},"excerpt":{"rendered":"Fredagen den 9 december kl 15.30 bjuder italienska ambassaden in till ett publikt m\u00f6te med fjol\u00e5rets Nobelpristagare i fysik, professor Giorgio Parisi. Ett pris f\u00f6r Parisis uppt\u00e4ckter om dolda m\u00f6nster i oordnade komplexa material. P\u00e5 eventet kommer han prata om \u201dScience for Peace\u201d.Ambassad\u00f6r Vinicio Mati tackar Professor Parisi f\u00f6r sitt bes\u00f6k och gratulerar honom f\u00f6r [&hellip;]","protected":false},"author":1,"featured_media":0,"comment_status":"","ping_status":"","sticky":false,"template":"","format":"standard","meta":{"footnotes":""},"tags":[],"class_list":["post-1280","post","type-post","status-publish","format-standard","hentry"],"_links":{"self":[{"href":"https:\/\/ambstoccolma.esteri.it\/en\/wp-json\/wp\/v2\/posts\/1280","targetHints":{"allow":["GET"]}}],"collection":[{"href":"https:\/\/ambstoccolma.esteri.it\/en\/wp-json\/wp\/v2\/posts"}],"about":[{"href":"https:\/\/ambstoccolma.esteri.it\/en\/wp-json\/wp\/v2\/types\/post"}],"author":[{"embeddable":true,"href":"https:\/\/ambstoccolma.esteri.it\/en\/wp-json\/wp\/v2\/users\/1"}],"replies":[{"embeddable":true,"href":"https:\/\/ambstoccolma.esteri.it\/en\/wp-json\/wp\/v2\/comments?post=1280"}],"version-history":[{"count":0,"href":"https:\/\/ambstoccolma.esteri.it\/en\/wp-json\/wp\/v2\/posts\/1280\/revisions"}],"wp:attachment":[{"href":"https:\/\/ambstoccolma.esteri.it\/en\/wp-json\/wp\/v2\/media?parent=1280"}],"wp:term":[{"taxonomy":"post_tag","embeddable":true,"href":"https:\/\/ambstoccolma.esteri.it\/en\/wp-json\/wp\/v2\/tags?post=1280"}],"curies":[{"name":"wp","href":"https:\/\/api.w.org\/{rel}","templated":true}]}}