{"id":1309,"date":"2022-03-31T16:08:11","date_gmt":"2022-03-31T14:08:11","guid":{"rendered":"https:\/\/ambstoccolma.esteri.it\/news\/dall_ambasciata\/2022\/03\/comunicato-stampa-celebrazione-2\/"},"modified":"2022-03-31T16:08:11","modified_gmt":"2022-03-31T14:08:11","slug":"comunicato-stampa-celebrazione-2","status":"publish","type":"post","link":"https:\/\/ambstoccolma.esteri.it\/en\/news\/dall_ambasciata\/2022\/03\/comunicato-stampa-celebrazione-2\/","title":{"rendered":"PRESSMEDDELANDE:  Italian Design Day firandet p\u00e5 Italienska Kulturinstitutet i Stockholm \u2013 Studio Nichetto, Projects, Collaborations and Conversations in Design"},"content":{"rendered":"<p style=\"text-align: center;\"><strong>PRESSMEDDELANDE<\/strong><\/p>\n<p><strong>Italian Design Day firandet p\u00e5 Italienska Kulturinstitutet i Stockholm \u2013 Nichetto <\/strong><strong>Studio<\/strong><strong>, Projects, Collaborations and Conversations in Design<\/strong><\/p>\n<p style=\"text-align: justify;\">Den 30 mars h\u00f6lls den 6:e Italian Design Day i Stockholm med temat &#8220;Re-Generation. Design och ny teknik f\u00f6r en h\u00e5llbar framtid&#8221;. Italian Designdagen 2022 skapades och utvecklades av italienska Utrikesministeriet och Kulturministeriet, tack vare bidraget fr\u00e5n generaldirektoratet f\u00f6r samtida kreativitet, som en del av initiativen beIT (beItaly) och Vivere all&#8217;Italiana.<\/p>\n<p style=\"text-align: justify;\">Evenemanget, som organiserades av Ambassaden och det Italienska Kulturinstitutet i samarbete med Utrikeshandelsbyr\u00e5n (ICE), inleddes med ett v\u00e4lkomsttal av Italiens Ambassad\u00f6r i Sverige, Vinicio Mati, som p\u00e5minde om hur italiensk design, som representerar ett utm\u00e4rkande drag f\u00f6r italiensk kreativitet i v\u00e4rlden och vars kvalit\u00e9 \u00e4r allm\u00e4nt erk\u00e4nd, har alltid kunnat \u00e5teruppfinna sig sj\u00e4lv och m\u00f6ta utmaningarna i en snabbt f\u00f6r\u00e4nderlig v\u00e4rld: &#8220;H\u00e5llbarhet har d\u00e4rmed blivit en avg\u00f6rande faktor i denna strategiska industrisektor f\u00f6r den italienska ekonomin och f\u00f6r sociala och kulturella f\u00f6rbindelser mellan l\u00e4nder&#8221;.<\/p>\n<p style=\"text-align: justify;\">Evenemanget h\u00f6lls i Kulturinstitutets prestigefyllda lokaler, designade och byggda av tv\u00e5 stora representanter av den italienska moderna konstens historia, arkitekterna Gi\u00f2 Ponti och Pier Luigi Nervi. Eventet g\u00e4stades av den v\u00e4lk\u00e4nda italienska designern, Luca Nichetto, som sedan 2010 v\u00e4xelvis bor mellan Stockholm och Venedig. Luca Nichetto sammanfogar p\u00e5 ett utm\u00e4rkt s\u00e4tt italiensk stil och skandinavisk modernitet och vittnar med sitt arbete om hur design kan bli en social och kulturell accelerator. Vid detta tillf\u00e4lle presenterade Luca Nichetto sin nya bok, &#8220;Nichetto Studio: Projects, Collaborations and Conversations in Design&#8221;, publicerad den 24:e mars, och deltog i en efterf\u00f6ljande debatt. Evenemanget modererades av Katarina Mattson, journalist och redaktionschef f\u00f6r den prestigefyllda svenska upplagan av tidskriften ELLE Decoration.<\/p>\n<p style=\"text-align: justify;\">Evenemanget, vilket Ambassad\u00f6r Vinicio Mati fick m\u00f6jlighet att ber\u00e4tta, blev \u00e4ven ett tillf\u00e4lle att fr\u00e4mja det internationella deltagandet i den 60:e upplagan av Salone del Mobile i Milano, en av de viktigaste inredningsm\u00e4ssorna, som planeras den 7\u201312 juni 2022, samt Roms kandidatur att vara v\u00e4rd f\u00f6r V\u00e4rldsutst\u00e4llningen 2030, med fokus p\u00e5 delaktighet, h\u00e5llbarhet och innovation.<\/p>\n<p><img loading=\"lazy\" decoding=\"async\" style=\"width: 773px; height: 560px;\" src=\"resource\/img\/2022\/03\/idd_1.1.jpg\" alt=\"idd 1.1\" width=\"750\" height=\"563\" \/><\/p>\n<p>\u00a0<\/p>\n<p><img loading=\"lazy\" decoding=\"async\" style=\"width: 773px; height: 569px;\" src=\"resource\/img\/2022\/03\/idd_2.jpg\" alt=\"idd 2\" width=\"750\" height=\"563\" \/><\/p>\n<p>\u00a0<\/p>\n<p><img loading=\"lazy\" decoding=\"async\" style=\"width: 772px; height: 564px;\" src=\"resource\/img\/2022\/03\/idd_3.jpg\" alt=\"idd 3\" width=\"750\" height=\"563\" \/><\/p>\n","protected":false},"excerpt":{"rendered":"PRESSMEDDELANDE Italian Design Day firandet p\u00e5 Italienska Kulturinstitutet i Stockholm \u2013 Nichetto Studio, Projects, Collaborations and Conversations in Design Den 30 mars h\u00f6lls den 6:e Italian Design Day i Stockholm med temat &#8220;Re-Generation. Design och ny teknik f\u00f6r en h\u00e5llbar framtid&#8221;. Italian Designdagen 2022 skapades och utvecklades av italienska Utrikesministeriet och Kulturministeriet, tack vare bidraget [&hellip;]","protected":false},"author":1,"featured_media":0,"comment_status":"","ping_status":"","sticky":false,"template":"","format":"standard","meta":{"footnotes":""},"tags":[],"class_list":["post-1309","post","type-post","status-publish","format-standard","hentry"],"_links":{"self":[{"href":"https:\/\/ambstoccolma.esteri.it\/en\/wp-json\/wp\/v2\/posts\/1309","targetHints":{"allow":["GET"]}}],"collection":[{"href":"https:\/\/ambstoccolma.esteri.it\/en\/wp-json\/wp\/v2\/posts"}],"about":[{"href":"https:\/\/ambstoccolma.esteri.it\/en\/wp-json\/wp\/v2\/types\/post"}],"author":[{"embeddable":true,"href":"https:\/\/ambstoccolma.esteri.it\/en\/wp-json\/wp\/v2\/users\/1"}],"replies":[{"embeddable":true,"href":"https:\/\/ambstoccolma.esteri.it\/en\/wp-json\/wp\/v2\/comments?post=1309"}],"version-history":[{"count":0,"href":"https:\/\/ambstoccolma.esteri.it\/en\/wp-json\/wp\/v2\/posts\/1309\/revisions"}],"wp:attachment":[{"href":"https:\/\/ambstoccolma.esteri.it\/en\/wp-json\/wp\/v2\/media?parent=1309"}],"wp:term":[{"taxonomy":"post_tag","embeddable":true,"href":"https:\/\/ambstoccolma.esteri.it\/en\/wp-json\/wp\/v2\/tags?post=1309"}],"curies":[{"name":"wp","href":"https:\/\/api.w.org\/{rel}","templated":true}]}}