{"id":1320,"date":"2021-11-23T15:49:02","date_gmt":"2021-11-23T14:49:02","guid":{"rendered":"https:\/\/ambstoccolma.esteri.it\/news\/dall_ambasciata\/2021\/11\/comunicato-stampa-inagurazione-2\/"},"modified":"2021-11-23T15:49:02","modified_gmt":"2021-11-23T14:49:02","slug":"comunicato-stampa-inagurazione-2","status":"publish","type":"post","link":"https:\/\/ambstoccolma.esteri.it\/en\/news\/dall_ambasciata\/2021\/11\/comunicato-stampa-inagurazione-2\/","title":{"rendered":"Pressmeddelande: invigning av den 6:e Italienska Matveckan i V\u00e4rlden"},"content":{"rendered":"<p><img loading=\"lazy\" decoding=\"async\" src=\"resource\/img\/2021\/11\/se__matmission.jpg\" alt=\"se matmission\" width=\"750\" height=\"401\" \/><\/p>\n<p style=\"text-align: justify;\">Italiens Ambassad\u00f6r i Sverige, Vinicio Mati, invigde idag den 6:e Italienska Matveckan i V\u00e4rlden genom att leverera den f\u00f6rsta h\u00e5llbara matkassen till Matmissionen, som en del av det initiativ som fr\u00e4mjas av Ambassaden och st\u00f6ds av de italienska f\u00f6retagen Barilla, Giovanni Rana, Granarolo, Lavazza och Zeta.<\/p>\n<p style=\"text-align: justify;\">Dessa italienska f\u00f6retag representerar det b\u00e4sta som Italien har att erbjuda n\u00e4r det g\u00e4ller kvalitetsprodukter och \u00e4r alla socialt engagerade i att minska matsvinnet och s\u00e4kerst\u00e4lla livsmedelsh\u00e5llbarhet, s\u00e4rskilt n\u00e4r det g\u00e4ller produktion, f\u00f6rpackning och transport av sina produkter. Matmissionen \u00e4r en viktig del av det svenska samh\u00e4llet och engagerar sig f\u00f6r att fr\u00e4mja social inkludering, minska livsmedels\u00f6verskott, garantera matens kvalitet genom att erbjuda kvalitetsprodukter till ett reducerat pris och fr\u00e4mja \u00e5terintegrering i arbetet genom erfarenhet och utbildning.<\/p>\n<p style=\"text-align: justify;\">Fokus p\u00e5 h\u00e5llbarhetsfr\u00e5gor \u2013 genom \u00e4ndrad livsstil och medvetet k\u00f6pbeteende \u2013 \u00e4r ett uttryck f\u00f6r en tydlig synergistisk \u00e5tg\u00e4rd f\u00f6r att skydda och v\u00e4rna om milj\u00f6n som kompletterar f\u00f6retagens gr\u00f6na strategier. Fr\u00e5n 2011 till 2019 \u00f6kade f\u00f6retagens ben\u00e4genhet att g\u00f6ra ekoinvesteringar med 8 procentenheter (fr\u00e5n 14% till 22%), med en prognos f\u00f6r de kommande tre \u00e5ren som g\u00e4ller en fj\u00e4rdedel av f\u00f6retagen. Ett val som blickar fram\u00e5t men som ocks\u00e5 st\u00f6ds av resultat p\u00e5 medell\u00e5ng sikt n\u00e4r det g\u00e4ller \u201dprestationer\u201d (andelen f\u00f6retag som under 2020 noterade tillv\u00e4xt g\u00e4llande oms\u00e4ttning och export \u00e4r st\u00f6rre bland f\u00f6retag som investerar i h\u00e5llbarhet).<\/p>\n<p style=\"text-align: justify;\">Den italienska ambassad\u00f6ren i Sverige, Vinicio Mati, kommenterar initiativet: &#8220;I Italien \u00f6kar antalet f\u00f6retag som anser socialt ansvar vara en prioritet i sina strategier. Matsvinn \u00e4r ett globalt problem, med betydande ekonomiska och sociala konsekvenser \u00e4ven g\u00e4llande milj\u00f6p\u00e5verkan och livsmedelss\u00e4kerhet. Att hitta en l\u00f6sning f\u00f6r \u00f6verbliven mat, ut\u00f6ver att ha ett socialt v\u00e4rde i sig, f\u00f6rhindrar att det blir avfall, sparar energiresurser och minskar koldioxidutsl\u00e4ppen.<br \/>Vi \u00e4r glada att st\u00f6dja Matmissionen i sin verksamhet och tacksamma f\u00f6r att italienska f\u00f6retag fr\u00e4mjar m\u00e4nniskors v\u00e4lbefinnande genom att erbjuda ett n\u00e4ringsm\u00e4ssigt balanserat produktutbud i linje med Medelhavsdieten, och samtidigt v\u00e4rnar om m\u00e5ngfald och inkludering genom att vara delaktiga i den gemensamma utvecklingen &#8220;.<\/p>\n<p style=\"text-align: justify;\">F\u00f6r ytterligare information:<br \/><a href=\"mailto:trade.stockholm@esteri.it\">trade.stockholm@esteri.it<\/a>\u00a0<br \/><a href=\"mailto:fanny.siltberg@stadsmissionen.se\">fanny.siltberg@stadsmissionen.se<\/a>\u00a0<\/p>\n","protected":false},"excerpt":{"rendered":"Italiens Ambassad\u00f6r i Sverige, Vinicio Mati, invigde idag den 6:e Italienska Matveckan i V\u00e4rlden genom att leverera den f\u00f6rsta h\u00e5llbara matkassen till Matmissionen, som en del av det initiativ som fr\u00e4mjas av Ambassaden och st\u00f6ds av de italienska f\u00f6retagen Barilla, Giovanni Rana, Granarolo, Lavazza och Zeta. Dessa italienska f\u00f6retag representerar det b\u00e4sta som Italien har [&hellip;]","protected":false},"author":1,"featured_media":0,"comment_status":"","ping_status":"","sticky":false,"template":"","format":"standard","meta":{"footnotes":""},"tags":[],"class_list":["post-1320","post","type-post","status-publish","format-standard","hentry"],"_links":{"self":[{"href":"https:\/\/ambstoccolma.esteri.it\/en\/wp-json\/wp\/v2\/posts\/1320","targetHints":{"allow":["GET"]}}],"collection":[{"href":"https:\/\/ambstoccolma.esteri.it\/en\/wp-json\/wp\/v2\/posts"}],"about":[{"href":"https:\/\/ambstoccolma.esteri.it\/en\/wp-json\/wp\/v2\/types\/post"}],"author":[{"embeddable":true,"href":"https:\/\/ambstoccolma.esteri.it\/en\/wp-json\/wp\/v2\/users\/1"}],"replies":[{"embeddable":true,"href":"https:\/\/ambstoccolma.esteri.it\/en\/wp-json\/wp\/v2\/comments?post=1320"}],"version-history":[{"count":0,"href":"https:\/\/ambstoccolma.esteri.it\/en\/wp-json\/wp\/v2\/posts\/1320\/revisions"}],"wp:attachment":[{"href":"https:\/\/ambstoccolma.esteri.it\/en\/wp-json\/wp\/v2\/media?parent=1320"}],"wp:term":[{"taxonomy":"post_tag","embeddable":true,"href":"https:\/\/ambstoccolma.esteri.it\/en\/wp-json\/wp\/v2\/tags?post=1320"}],"curies":[{"name":"wp","href":"https:\/\/api.w.org\/{rel}","templated":true}]}}