{"id":1328,"date":"2021-10-06T11:40:25","date_gmt":"2021-10-06T09:40:25","guid":{"rendered":"https:\/\/ambstoccolma.esteri.it\/news\/dall_ambasciata\/2021\/10\/avviso-di-selezione-unita-a-tempo-2\/"},"modified":"2021-10-06T11:40:25","modified_gmt":"2021-10-06T09:40:25","slug":"avviso-di-selezione-unita-a-tempo-2","status":"publish","type":"post","link":"https:\/\/ambstoccolma.esteri.it\/en\/news\/dall_ambasciata\/2021\/10\/avviso-di-selezione-unita-a-tempo-2\/","title":{"rendered":"ICE &#8211; ITALIAN TRADE AGENCY: ANST\u00c4LLNING AV VIKARIE F\u00d6R F\u00d6R\u00c4LDRARLEDIGHET"},"content":{"rendered":"<p>ICE-Italian Trade Agency i Stockholm utlyser anst\u00e4llning av vikarie f\u00f6r f\u00f6r\u00e4ldrarledighet.\u00a0<\/p>\n<p>Information om hur man ans\u00f6ker g\u00e5r att l\u00e4sa <a href=\"resource\/doc\/2021\/10\/avviso_selezione_in_svedese.pdf\">h\u00e4r<\/a>.\u00a0Ans\u00f6kan g\u00f6rs via specifik <a href=\"resource\/doc\/2021\/10\/modulo_domanda_avviso_selezione.pdf\">formul\u00e4r<\/a>.\u00a0<\/p>\n<p>F\u00f6r \u00f6vrig information:\u00a0<a href=\"https:\/\/www.ice.it\/it\/mercati\/svezia\/offerte-di-lavoro\">https:\/\/www.ice.it\/it\/mercati\/svezia\/offerte-di-lavoro<\/a>\u00a0<\/p>\n<p>\u00a0<\/p>\n","protected":false},"excerpt":{"rendered":"ICE-Italian Trade Agency i Stockholm utlyser anst\u00e4llning av vikarie f\u00f6r f\u00f6r\u00e4ldrarledighet.\u00a0 Information om hur man ans\u00f6ker g\u00e5r att l\u00e4sa h\u00e4r.\u00a0Ans\u00f6kan g\u00f6rs via specifik formul\u00e4r.\u00a0 F\u00f6r \u00f6vrig information:\u00a0https:\/\/www.ice.it\/it\/mercati\/svezia\/offerte-di-lavoro\u00a0 \u00a0","protected":false},"author":1,"featured_media":0,"comment_status":"","ping_status":"","sticky":false,"template":"","format":"standard","meta":{"footnotes":""},"tags":[],"class_list":["post-1328","post","type-post","status-publish","format-standard","hentry"],"_links":{"self":[{"href":"https:\/\/ambstoccolma.esteri.it\/en\/wp-json\/wp\/v2\/posts\/1328","targetHints":{"allow":["GET"]}}],"collection":[{"href":"https:\/\/ambstoccolma.esteri.it\/en\/wp-json\/wp\/v2\/posts"}],"about":[{"href":"https:\/\/ambstoccolma.esteri.it\/en\/wp-json\/wp\/v2\/types\/post"}],"author":[{"embeddable":true,"href":"https:\/\/ambstoccolma.esteri.it\/en\/wp-json\/wp\/v2\/users\/1"}],"replies":[{"embeddable":true,"href":"https:\/\/ambstoccolma.esteri.it\/en\/wp-json\/wp\/v2\/comments?post=1328"}],"version-history":[{"count":0,"href":"https:\/\/ambstoccolma.esteri.it\/en\/wp-json\/wp\/v2\/posts\/1328\/revisions"}],"wp:attachment":[{"href":"https:\/\/ambstoccolma.esteri.it\/en\/wp-json\/wp\/v2\/media?parent=1328"}],"wp:term":[{"taxonomy":"post_tag","embeddable":true,"href":"https:\/\/ambstoccolma.esteri.it\/en\/wp-json\/wp\/v2\/tags?post=1328"}],"curies":[{"name":"wp","href":"https:\/\/api.w.org\/{rel}","templated":true}]}}