{"id":1339,"date":"2021-06-02T08:53:23","date_gmt":"2021-06-02T06:53:23","guid":{"rendered":"https:\/\/ambstoccolma.esteri.it\/news\/dall_ambasciata\/2021\/06\/discorso-dell-ambasciatore-vinicio-2\/"},"modified":"2021-06-02T08:53:23","modified_gmt":"2021-06-02T06:53:23","slug":"discorso-dell-ambasciatore-vinicio-2","status":"publish","type":"post","link":"https:\/\/ambstoccolma.esteri.it\/en\/news\/dall_ambasciata\/2021\/06\/discorso-dell-ambasciatore-vinicio-2\/","title":{"rendered":"Ambassad\u00f6r Vinicio Matis tal inf\u00f6r firandet av Italiens nationaldag"},"content":{"rendered":"<p>K\u00e4ra svenska och italienska v\u00e4nner,<\/p>\n<p>Idag, 2 juni, firas 75-\u00e5rsdagen av Republiken Italien. \u00c5r 2021 har fortsatt att orsaka problem och skapa os\u00e4kerhet i v\u00e5ra liv, men \u00e4r ocks\u00e5 ett \u00e5r med viktiga \u00e5rsdagar f\u00f6r v\u00e5rt land. Den 17 mars firade vi 160-\u00e5rsdagen sedan Italiens enande, ett viktigt \u00f6gonblick i v\u00e5r historia tack vare Risorgimento-arvet som har f\u00f6rnyat v\u00e4rdet av v\u00e5r nationella identitet, ett v\u00e4rde som har sina r\u00f6tter i v\u00e5r \u00e4ldsta historia och kultur. Republikens grundande 1946 markerade ett avg\u00f6rande steg i konsolideringen av landets samh\u00f6righet, genom etableringen av ett gemensamt hem betryggat av v\u00e5ra grundlagar, i vilka alla italienare kunde k\u00e4nna igen sig med fokus p\u00e5 de v\u00e4rden som frihet, fred och demokrati som v\u00e5r nationals\u00e5ng och v\u00e5r flagga symboliserar.<\/p>\n<p>Tyv\u00e4rr kommer vi f\u00f6r andra \u00e5ret i rad inte att kunna fira tillsammans med Italiens ambassad v\u00e5r nationaldag, p\u00e5 grund av de restriktioner och smittskydds\u00e5tg\u00e4rder som inf\u00f6rts i och med covid-pandemin. Vi f\u00e5r d\u00e4rf\u00f6r \u00f6verg\u00e5 till ett digitalt firande p\u00e5 v\u00e5r webbplats och v\u00e5ra sociala medier och lyssna till det tal som Republikens President Sergio Mattarella kommer att h\u00e5lla f\u00f6r tillf\u00e4llet och ta del av andra videor om v\u00e5rt land. Bland dessa vill jag uppm\u00e4rksamma Mamelis nationals\u00e5ng, i regi av Maestro Riccardo Muti med den \u00e4rofyllda ungdomsorkestern Luigi Cherubini tillsammans med Piacenzas Stadsteater-k\u00f6r, inspelad p\u00e5 initiativ av det italienska Utrikesministeriet ( <a href=\"https:\/\/youtu.be\/qLla7wVhuT8\">https:\/\/youtu.be\/qLla7wVhuT8<\/a>\u00a0).<\/p>\n<p>Jag vill dock betona att denna dag, \u00e4ven om den inte tillbringas fysiskt med ambassaden, utg\u00f6r ett lika speciellt \u00f6gonblick. F\u00f6rst och fr\u00e4mst f\u00f6r att den ger oss en m\u00f6jlighet till eftertanke och h\u00e5gkomst f\u00f6r de m\u00e5nga m\u00e4nniskor som har f\u00f6rlorat livet, upplevt sorg och orsakats djupa s\u00e5r p\u00e5 grund av coronaviruset, b\u00e5de i v\u00e5rt land som i resten av v\u00e4rlden. Men ocks\u00e5 f\u00f6r att uttrycka djup tacksamhet till v\u00e5rdpersonalen och alla dem som har st\u00e5tt front-line f\u00f6r att k\u00e4mpa mot pandemin, ofta under dramatiska f\u00f6rh\u00e5llanden. Jag t\u00e4nker ocks\u00e5 p\u00e5 ol\u00e4genheterna f\u00f6r v\u00e5ra medborgare som under m\u00e5naderna av \u00f6kad smittspridning har upplevt sv\u00e5righeter i kontakten med Italien p\u00e5 grund av begr\u00e4nsningar g\u00e4llande kommunikation och flygf\u00f6rbindelser, vilka inte har underl\u00e5tit att f\u00e5 \u00e5terverkningar \u00e4ven h\u00e4r i Sverige.<\/p>\n<p>Men detta \u00e4r ocks\u00e5 en dag d\u00e5 vi m\u00e5ste se med tillf\u00f6rsikt p\u00e5 framtiden. Republikens grundande innebar trots allt en m\u00f6jlighet att \u00e5terskapa v\u00e5rt land efter en mycket pl\u00e5gad och kontroversiell fas i v\u00e5r historia och kan d\u00e4rf\u00f6r betraktas som en symbolisk \u00e5rsdag och en startpunkt. Vi har inte varit ensamma, Europeiska unionen och dess medlemsstater har \u00e5teruppt\u00e4ckt solidaritetsandan i syfte att hitta en gemensam och framg\u00e5ngsrik v\u00e4g ut ur pandemin och kunnat mobilisera betydande resurser f\u00f6r att l\u00e4gga grunden f\u00f6r \u00e5terh\u00e4mtningen av ekonomin och tillverkningsverksamheterna.<\/p>\n<p>Med G20-ordf\u00f6randeskapet \u00e4r Italien den drivande kraften bakom internationella \u00e5tg\u00e4rder f\u00f6r att hantera nuvarande och framtida pandemier genom ett multilateralt och globalt Covid-19 beredskap.<\/p>\n<p>V\u00e5rt land \u00e4r nu redo att \u00f6ppna sina d\u00f6rrar f\u00f6r internationell turism igen tack vare det europeiska covid-passet som snart kommer att vara i drift.<\/p>\n<p>Tack vare smittspridningens dalande tal kan vi betrakta den n\u00e4rmaste framtiden med f\u00f6rtroendek\u00e4nslor och hopp, och vi vill dela denna k\u00e4nsla med v\u00e5ra svenska v\u00e4nner.<\/p>\n<p>Om n\u00e5gra dagar, den 6 juni, kommer ocks\u00e5 den svenska nationaldagen att firas, s\u00e5 n\u00e4ra inp\u00e5 v\u00e5r nationaldag, i en symbolisk tidsm\u00e4ssig n\u00e4rhet som markerar de djupa band av v\u00e4nskap och samarbete som f\u00f6renar v\u00e5ra tv\u00e5 l\u00e4nder och som jag syftade p\u00e5 i den h\u00e4lsning som invigde mitt uppdrag i Stockholm.<\/p>\n<p>Det \u00e4r d\u00e4rf\u00f6r i en anda av stor n\u00e4rhet till v\u00e4rdlandet som jag skulle vilja att ni alla tillbringar nationalrepublikens dag p\u00e5 det mest fridfulla s\u00e4ttet och inbjuder er att ta del av inneh\u00e5llet p\u00e5 ambassadens webbplats och v\u00e5ra YouTube-, Facebook-, Twitter- och Instagram-kanaler.<\/p>\n","protected":false},"excerpt":{"rendered":"K\u00e4ra svenska och italienska v\u00e4nner, Idag, 2 juni, firas 75-\u00e5rsdagen av Republiken Italien. \u00c5r 2021 har fortsatt att orsaka problem och skapa os\u00e4kerhet i v\u00e5ra liv, men \u00e4r ocks\u00e5 ett \u00e5r med viktiga \u00e5rsdagar f\u00f6r v\u00e5rt land. Den 17 mars firade vi 160-\u00e5rsdagen sedan Italiens enande, ett viktigt \u00f6gonblick i v\u00e5r historia tack vare Risorgimento-arvet [&hellip;]","protected":false},"author":1,"featured_media":0,"comment_status":"","ping_status":"","sticky":false,"template":"","format":"standard","meta":{"footnotes":""},"tags":[],"class_list":["post-1339","post","type-post","status-publish","format-standard","hentry"],"_links":{"self":[{"href":"https:\/\/ambstoccolma.esteri.it\/en\/wp-json\/wp\/v2\/posts\/1339","targetHints":{"allow":["GET"]}}],"collection":[{"href":"https:\/\/ambstoccolma.esteri.it\/en\/wp-json\/wp\/v2\/posts"}],"about":[{"href":"https:\/\/ambstoccolma.esteri.it\/en\/wp-json\/wp\/v2\/types\/post"}],"author":[{"embeddable":true,"href":"https:\/\/ambstoccolma.esteri.it\/en\/wp-json\/wp\/v2\/users\/1"}],"replies":[{"embeddable":true,"href":"https:\/\/ambstoccolma.esteri.it\/en\/wp-json\/wp\/v2\/comments?post=1339"}],"version-history":[{"count":0,"href":"https:\/\/ambstoccolma.esteri.it\/en\/wp-json\/wp\/v2\/posts\/1339\/revisions"}],"wp:attachment":[{"href":"https:\/\/ambstoccolma.esteri.it\/en\/wp-json\/wp\/v2\/media?parent=1339"}],"wp:term":[{"taxonomy":"post_tag","embeddable":true,"href":"https:\/\/ambstoccolma.esteri.it\/en\/wp-json\/wp\/v2\/tags?post=1339"}],"curies":[{"name":"wp","href":"https:\/\/api.w.org\/{rel}","templated":true}]}}