{"id":1352,"date":"2020-12-17T16:43:31","date_gmt":"2020-12-17T15:43:31","guid":{"rendered":"https:\/\/ambstoccolma.esteri.it\/news\/dall_ambasciata\/2020\/12\/comunicato-stampa-lancio-del-prosecco-2\/"},"modified":"2020-12-17T16:43:31","modified_gmt":"2020-12-17T15:43:31","slug":"comunicato-stampa-lancio-del-prosecco-2","status":"publish","type":"post","link":"https:\/\/ambstoccolma.esteri.it\/en\/news\/dall_ambasciata\/2020\/12\/comunicato-stampa-lancio-del-prosecco-2\/","title":{"rendered":"PRESSMEDDELANDE: Prosecco DOC Ros\u00e9 vinet presenteras i Sverige"},"content":{"rendered":"<p style=\"text-align: center;\"><strong>PRESSMEDDELANDE<\/strong><\/p>\n<p>Evenemanget f\u00f6r att fr\u00e4mja kunskap om Prosecco DOC Ros\u00e9, som arrangeras av den italienska ambassaden i Sverige med koppling till den femte Italienska Matveckan i V\u00e4rlden, kommer att h\u00e5llas i ett helt digitalt format i samarbete med Prosecco DOC-konsortiet och den italienska Utrikeshandelsbyr\u00e5n i Sverige.<br \/>Med anledning av Prosecco DOC Ros\u00e9 vinets debut i december p\u00e5 den svenska marknaden, distribuerat i landet genom Systembolaget, avser den italienska ambassaden att fr\u00e4mja kunskap om den skyddande beteckningen och ursprungets territorium som best\u00e5r av nio provinser i de nord\u00f6stra italienska regionerna Veneto och Friuli Venezia Giulia.<br \/>Prosecco DOC-konsortiet samlar ett n\u00e4tverk av 11 460 vinodlare med en produktion av cirka 486 miljoner flaskor under 2019, varav 77,8% f\u00f6r export (10,8 miljoner flaskor Prosecco DOC och DOCG s\u00e5lda i Sverige i \u00e5r under januari-november). Det uppskattas att produktionen f\u00f6r Prosecco DOC Ros\u00e9 kommer att n\u00e5 20 miljoner flaskor totalt i \u00e5r och 40\u201350 miljoner flaskor inom n\u00e4sta \u00e5r, varav 80\u201385% f\u00f6r export.<\/p>\n<p>Med h\u00e4nvisning till den femte Italienska Matveckan i V\u00e4rlden, vill Ambassaden ocks\u00e5 bjuda p\u00e5 n\u00e5gra matchningar till matr\u00e4tter s\u00e4rskilt l\u00e4mpliga n\u00e4r det g\u00e4ller serveringen av Prosecco DOC Ros\u00e9, genom tv\u00e5 videor speciellt skapade av sommelierer Monica Ferrucci och Alessandro Barattini, som redan deltagit i den \u00e5rliga upplagan av det tidigare n\u00e4mnda evenemanget.<br \/>Det digitala eventet producerat i enlighet med de nuvarande smittskyddsrekommendationer, finns tillg\u00e4nglig p\u00e5 Ambassadens YouTube kanal och p\u00e5 Ambassadens sociala medier fr\u00e5n och med den 18 december och invigs med en h\u00e4lsning av Prosecco DOC-konsortiet och Ambassad\u00f6r Mario Cospito.<\/p>\n<p>F\u00f6r att n\u00e5 v\u00e5ra sociala medier klicka h\u00e4r:<\/p>\n<p><img decoding=\"async\" src=\"resource\/img\/2020\/12\/fb.jpg\" alt=\"fb\" \/>\u00a0 <a href=\"https:\/\/www.facebook.com\/ambstoccolma\/\">FACEBOOK<\/a><\/p>\n<p><img decoding=\"async\" src=\"resource\/img\/2020\/12\/ig.jpg\" alt=\"ig\" \/>\u00a0 \u00a0<a href=\"https:\/\/www.instagram.com\/italyinsweden\/\">INSTAGRAM<\/a><\/p>\n<p><img decoding=\"async\" src=\"resource\/img\/2020\/12\/yt.jpg\" alt=\"yt\" \/>\u00a0 \u00a0<a href=\"https:\/\/www.youtube.com\/channel\/UCO8OCoxjeb7hbkIiGozHyFw?view_as=subscriber\">YOUTUBE<\/a>\u00a0<\/p>\n<p>\u00a0<\/p>\n<p><a href=\"resource\/doc\/2020\/12\/comunicato_stampa_prosecco_def_1_sve.pdf\">PRESSMEDDELANDE<\/a><\/p>\n","protected":false},"excerpt":{"rendered":"PRESSMEDDELANDE Evenemanget f\u00f6r att fr\u00e4mja kunskap om Prosecco DOC Ros\u00e9, som arrangeras av den italienska ambassaden i Sverige med koppling till den femte Italienska Matveckan i V\u00e4rlden, kommer att h\u00e5llas i ett helt digitalt format i samarbete med Prosecco DOC-konsortiet och den italienska Utrikeshandelsbyr\u00e5n i Sverige.Med anledning av Prosecco DOC Ros\u00e9 vinets debut i december [&hellip;]","protected":false},"author":1,"featured_media":0,"comment_status":"","ping_status":"","sticky":false,"template":"","format":"standard","meta":{"footnotes":""},"tags":[],"class_list":["post-1352","post","type-post","status-publish","format-standard","hentry"],"_links":{"self":[{"href":"https:\/\/ambstoccolma.esteri.it\/en\/wp-json\/wp\/v2\/posts\/1352","targetHints":{"allow":["GET"]}}],"collection":[{"href":"https:\/\/ambstoccolma.esteri.it\/en\/wp-json\/wp\/v2\/posts"}],"about":[{"href":"https:\/\/ambstoccolma.esteri.it\/en\/wp-json\/wp\/v2\/types\/post"}],"author":[{"embeddable":true,"href":"https:\/\/ambstoccolma.esteri.it\/en\/wp-json\/wp\/v2\/users\/1"}],"replies":[{"embeddable":true,"href":"https:\/\/ambstoccolma.esteri.it\/en\/wp-json\/wp\/v2\/comments?post=1352"}],"version-history":[{"count":0,"href":"https:\/\/ambstoccolma.esteri.it\/en\/wp-json\/wp\/v2\/posts\/1352\/revisions"}],"wp:attachment":[{"href":"https:\/\/ambstoccolma.esteri.it\/en\/wp-json\/wp\/v2\/media?parent=1352"}],"wp:term":[{"taxonomy":"post_tag","embeddable":true,"href":"https:\/\/ambstoccolma.esteri.it\/en\/wp-json\/wp\/v2\/tags?post=1352"}],"curies":[{"name":"wp","href":"https:\/\/api.w.org\/{rel}","templated":true}]}}