{"id":1355,"date":"2020-11-20T15:19:06","date_gmt":"2020-11-20T14:19:06","guid":{"rendered":"https:\/\/ambstoccolma.esteri.it\/news\/dall_ambasciata\/2020\/11\/comunicato-stampa-settimana-della-2\/"},"modified":"2020-11-20T15:19:06","modified_gmt":"2020-11-20T14:19:06","slug":"comunicato-stampa-settimana-della-2","status":"publish","type":"post","link":"https:\/\/ambstoccolma.esteri.it\/en\/news\/dall_ambasciata\/2020\/11\/comunicato-stampa-settimana-della-2\/","title":{"rendered":"PRESSMEDDELANDE: Italienska Matveckan i V\u00e4rlden, 23-29 november 2020"},"content":{"rendered":"<p>Startskott \u00e4ven i Sverige f\u00f6r femte upplagan av den Italienska Matveckan i V\u00e4rlden som organiseras av Ambassaden i samarbete med Italienska Utrikeshandelsbyr\u00e5n, Italienska Kulturinstitutet, Italienska Turistbyr\u00e5n och Italienska Handelskammaren i Sverige.<\/p>\n<p>Fr\u00e5n och med m\u00e5ndag den 23 till s\u00f6ndag den 29 november firas \u00f6ver hela v\u00e4rlden den traditionsenliga Matveckan, i syfte att fr\u00e4mja v\u00e4rdet av italienska mat- och dryckeskultur.<\/p>\n<p>I \u00e5r med speciell fokus p\u00e5 det italienska k\u00f6kets ursprung och starka band till landets regioner.<\/p>\n<p>Det har g\u00e5tt 200 \u00e5r sedan Pellegrino Artusi f\u00f6ddes, skaparen av italiensk husmanskost som \u00e4ven ger upphov till \u00e5rets tema \u201cL\u00e4rdom och smak med urspung i de italienska landskapen, 200 \u00e5r efter Pellegino Artusi\u201d.<\/p>\n<p>H\u00f6rnstenarna i den Italienska Matveckan i v\u00e4rlden \u00e4r:<br \/>Fr\u00e4mjande av regionerna och italienska landskapet, sett ur ett kulturellt, turistiskt och ekonomiskt perspektiv;<br \/>H\u00e4lsoeffekter av Medelhavskosten;<br \/>Skydd av ursprungsbeteckningen;<br \/>Fr\u00e4mjandet av den italienska vinsektorn;<br \/>N\u00e4ringsl\u00e4ra och utbildning av restaurangsbranschen.<\/p>\n<p>I och med publiceringen av programmet, har Ambassad\u00f6ren Mario Cospito meddelat att ett brett program med aktiviteter kommer att erbjudas f\u00f6r att fira den Italienska Matveckan i V\u00e4rlden, fr\u00e4mst digitalt i enlighet med r\u00e5dande rekommendationer och f\u00f6reskrifter.<br \/>Det kommer d\u00e4rtill att lanseras en kampanj p\u00e5 sociala medier, i samarbete med de italienska institutioner i Sverige tillh\u00f6rande \u201cSistema Italia\u201d och de olika partners som bidrar till initiativet, f\u00f6r att kunna n\u00e5 h\u00f6gsta m\u00f6jliga antal virtuella deltagare.<\/p>\n<p>Kontakt:<br \/><a href=\"mailto:press.stockholm@esteri.it\">press.stockholm@esteri.it<\/a>\u00a0<\/p>\n<p><a href=\"resource\/doc\/2020\/11\/program_en_settimana_della_cucina_italiana_nel_mondo.pdf\">PROGRAM (p\u00e5 engelska)<\/a><\/p>\n<p>\u00a0<\/p>\n<p><a href=\"resource\/doc\/2020\/11\/pressmeddelande.pdf\">L\u00e4nk till pressmeddelandet<\/a><\/p>\n<p style=\"margin-bottom: 0in;\" align=\"JUSTIFY\"><span style=\"font-size: medium;\"><span lang=\"it-IT\"><\/span><\/span><\/p>\n","protected":false},"excerpt":{"rendered":"Startskott \u00e4ven i Sverige f\u00f6r femte upplagan av den Italienska Matveckan i V\u00e4rlden som organiseras av Ambassaden i samarbete med Italienska Utrikeshandelsbyr\u00e5n, Italienska Kulturinstitutet, Italienska Turistbyr\u00e5n och Italienska Handelskammaren i Sverige. Fr\u00e5n och med m\u00e5ndag den 23 till s\u00f6ndag den 29 november firas \u00f6ver hela v\u00e4rlden den traditionsenliga Matveckan, i syfte att fr\u00e4mja v\u00e4rdet av [&hellip;]","protected":false},"author":1,"featured_media":0,"comment_status":"","ping_status":"","sticky":false,"template":"","format":"standard","meta":{"footnotes":""},"tags":[],"class_list":["post-1355","post","type-post","status-publish","format-standard","hentry"],"_links":{"self":[{"href":"https:\/\/ambstoccolma.esteri.it\/en\/wp-json\/wp\/v2\/posts\/1355","targetHints":{"allow":["GET"]}}],"collection":[{"href":"https:\/\/ambstoccolma.esteri.it\/en\/wp-json\/wp\/v2\/posts"}],"about":[{"href":"https:\/\/ambstoccolma.esteri.it\/en\/wp-json\/wp\/v2\/types\/post"}],"author":[{"embeddable":true,"href":"https:\/\/ambstoccolma.esteri.it\/en\/wp-json\/wp\/v2\/users\/1"}],"replies":[{"embeddable":true,"href":"https:\/\/ambstoccolma.esteri.it\/en\/wp-json\/wp\/v2\/comments?post=1355"}],"version-history":[{"count":0,"href":"https:\/\/ambstoccolma.esteri.it\/en\/wp-json\/wp\/v2\/posts\/1355\/revisions"}],"wp:attachment":[{"href":"https:\/\/ambstoccolma.esteri.it\/en\/wp-json\/wp\/v2\/media?parent=1355"}],"wp:term":[{"taxonomy":"post_tag","embeddable":true,"href":"https:\/\/ambstoccolma.esteri.it\/en\/wp-json\/wp\/v2\/tags?post=1355"}],"curies":[{"name":"wp","href":"https:\/\/api.w.org\/{rel}","templated":true}]}}