{"id":1361,"date":"2020-10-06T16:21:21","date_gmt":"2020-10-06T14:21:21","guid":{"rendered":"https:\/\/ambstoccolma.esteri.it\/news\/dall_ambasciata\/2020\/10\/comunicato-stampa-dell-ambasciatore_1-2\/"},"modified":"2020-10-06T16:21:21","modified_gmt":"2020-10-06T14:21:21","slug":"comunicato-stampa-dell-ambasciatore_1-2","status":"publish","type":"post","link":"https:\/\/ambstoccolma.esteri.it\/en\/news\/dall_ambasciata\/2020\/10\/comunicato-stampa-dell-ambasciatore_1-2\/","title":{"rendered":"PRESSMEDDELANDE FR\u00c5N ITALIENS AMBASSAD\u00d6R I SVERIGE MARIO COSPITO"},"content":{"rendered":"<p>\u00a0<\/p>\n<p style=\"text-align: center;\"><img loading=\"lazy\" decoding=\"async\" src=\"resource\/img\/2020\/10\/stemma.png\" alt=\"stemma\" width=\"174\" height=\"160\" \/><\/p>\n<p>\u00a0<\/p>\n<p><strong>PRESSMEDDELANDE FR\u00c5N ITALIENS AMBASSAD\u00d6R I SVERIGE MARIO COSPITO<\/strong><\/p>\n<p>Vi har idag tagit del av ett uttalande av statsepidemiologen Anders Tegnell i en intervju till Dagens Nyheter, enligt f\u00f6ljande:<\/p>\n<p>\u00c4r det en andra virusv\u00e5g vi ser i Stockholm nu?<br \/>\u2013 Nej, att kalla det en andra v\u00e5g \u00e4r att ta i alldeles f\u00f6r mycket. Men det \u00e4r ett tecken p\u00e5 det vi har sett under n\u00e5gra veckor nu att det \u00f6kar. En andra v\u00e5g implicerar n\u00e5got st\u00f6rre, att det g\u00e5r \u00f6ver hela landet, som i Italien och Spanien.<\/p>\n<p>Ovanst\u00e5ende riskerar att f\u00f6rmedla till l\u00e4sarna en felaktig bild av det epidemiologiska l\u00e4get i Italien, med risk f\u00f6r en f\u00f6rs\u00e4mring av de ekonomiska och sociala relationer mellan v\u00e5ra l\u00e4nder.<\/p>\n<p>Jag anser d\u00e4rf\u00f6r att vi beh\u00f6ver klarg\u00f6ra, f\u00f6r noggrannhetens skull, f\u00f6ljande:<\/p>\n<p>1. Enligt Stockholmsbaserade ECDCs rapportering, har smittspridningen i Italien de senaste 14 dagarna drabbat 45 personer per 100.000 inv\u00e5nare, medan motsvarande siffra i Sverige har varit 57,6, i Spanien 319,3 och bland andra exempel 311 i Tjeckien och 246 i Frankrike;<\/p>\n<p>2. Enligt samma myndighet, har d\u00f6dsfallen de senaste dagarna varit 0,45 per 100.000 inv\u00e5nare i Italien, 3,4 i Spanien, 1,4 i Frankrike och 0,21 i Sverige;<\/p>\n<p>3. Italien har inte i nul\u00e4get restriktioner som skiljer sig markant fr\u00e5n Sveriges (med undantag f\u00f6r anv\u00e4ndandet av munskydd i f\u00f6rebyggande syfte) medan, och jag till\u00e4gger dessv\u00e4rre, i andra l\u00e4nder har ytterligare restriktioner inf\u00f6rts de senaste timmarna.<\/p>\n<p>I syfte att \u00e5terge en mer direkt inblick i det epidemiologiska l\u00e4get i Europa, bifogar vi en karta som publicerats av ECDC (<a href=\"https:\/\/www.ecdc.europa.eu\/en\/cases-2019-ncov-eueea\">https:\/\/www.ecdc.europa.eu\/en\/cases-2019-ncov-eueea<\/a>).<\/p>\n<p>Jag vill understryka att sjukhusen i Italien upplever inte idag ett \u00f6kat tryck till f\u00f6ljd av den nya smittspridningen (de flesta smittade tillbringar sin karant\u00e4n hemma) och att b\u00e5de regeringen och h\u00e4lsomyndigheterna \u00e4r i beredskap att agera med nya \u00e5tg\u00e4rder ifall det epidemiologiska l\u00e4get skulle f\u00f6rv\u00e4rras.<\/p>\n<p>Jag tar tillf\u00e4llet i akt f\u00f6r att uttrycka p\u00e5 nytt min djupaste sorg f\u00f6r alla d\u00f6dsfall och lidandet som denna pandemi har orsakat i Italien, Sverige, Europa och alla delar av v\u00e4rlden.<\/p>\n<p>Jag \u00f6nskar att alla vetenskapliga insatser, med Italien och Sverige i fr\u00e4msta linjen, visar sig vara framg\u00e5ngsrika b\u00e5de n\u00e4r det g\u00e4ller framtagning av nya effektiva behandlingar som i forskningen kring vaccinet mot Covid-19.<\/p>\n<p>\u00a0<\/p>\n<p><img loading=\"lazy\" decoding=\"async\" src=\"resource\/img\/2020\/10\/w38_39_covid_subnational_last_2week.png\" alt=\"w38 39 covid subnational last 2week\" width=\"750\" height=\"529\" \/><\/p>\n","protected":false},"excerpt":{"rendered":"\u00a0 \u00a0 PRESSMEDDELANDE FR\u00c5N ITALIENS AMBASSAD\u00d6R I SVERIGE MARIO COSPITO Vi har idag tagit del av ett uttalande av statsepidemiologen Anders Tegnell i en intervju till Dagens Nyheter, enligt f\u00f6ljande: \u00c4r det en andra virusv\u00e5g vi ser i Stockholm nu?\u2013 Nej, att kalla det en andra v\u00e5g \u00e4r att ta i alldeles f\u00f6r mycket. Men [&hellip;]","protected":false},"author":1,"featured_media":0,"comment_status":"","ping_status":"","sticky":false,"template":"","format":"standard","meta":{"footnotes":""},"tags":[],"class_list":["post-1361","post","type-post","status-publish","format-standard","hentry"],"_links":{"self":[{"href":"https:\/\/ambstoccolma.esteri.it\/en\/wp-json\/wp\/v2\/posts\/1361","targetHints":{"allow":["GET"]}}],"collection":[{"href":"https:\/\/ambstoccolma.esteri.it\/en\/wp-json\/wp\/v2\/posts"}],"about":[{"href":"https:\/\/ambstoccolma.esteri.it\/en\/wp-json\/wp\/v2\/types\/post"}],"author":[{"embeddable":true,"href":"https:\/\/ambstoccolma.esteri.it\/en\/wp-json\/wp\/v2\/users\/1"}],"replies":[{"embeddable":true,"href":"https:\/\/ambstoccolma.esteri.it\/en\/wp-json\/wp\/v2\/comments?post=1361"}],"version-history":[{"count":0,"href":"https:\/\/ambstoccolma.esteri.it\/en\/wp-json\/wp\/v2\/posts\/1361\/revisions"}],"wp:attachment":[{"href":"https:\/\/ambstoccolma.esteri.it\/en\/wp-json\/wp\/v2\/media?parent=1361"}],"wp:term":[{"taxonomy":"post_tag","embeddable":true,"href":"https:\/\/ambstoccolma.esteri.it\/en\/wp-json\/wp\/v2\/tags?post=1361"}],"curies":[{"name":"wp","href":"https:\/\/api.w.org\/{rel}","templated":true}]}}