{"id":1364,"date":"2020-09-03T14:07:39","date_gmt":"2020-09-03T12:07:39","guid":{"rendered":"https:\/\/ambstoccolma.esteri.it\/news\/dall_ambasciata\/2020\/09\/stockholm-early-music-festival-2\/"},"modified":"2020-09-03T14:07:39","modified_gmt":"2020-09-03T12:07:39","slug":"stockholm-early-music-festival-2","status":"publish","type":"post","link":"https:\/\/ambstoccolma.esteri.it\/en\/news\/dall_ambasciata\/2020\/09\/stockholm-early-music-festival-2\/","title":{"rendered":"Stockholm Early Music Festival"},"content":{"rendered":"<p style=\"text-align: justify;\">\u00c5rets upplaga av <em><strong>Stockholm Early Music Festival<\/strong><\/em> drar ig\u00e5ng den <strong>8-13 september<\/strong> i Gamla Stans sensommarljus. Nordens st\u00f6rsta internationella evenemang f\u00f6r historisk musik \u00e4r ensam i Sverige om att presentera repertoar fr\u00e5n antik, medeltid, ren\u00e4ssans och barock i en och samma festival. Med <strong>variation<\/strong> och <strong>kvalitet<\/strong> som ledord lyfter festivalen fram den tidiga musikens bredd och erbjuder varje \u00e5r ett rikt utbud av k\u00e4nd och ok\u00e4nd musik fr\u00e5n hela v\u00e4rlden, med s\u00e5v\u00e4l svenska som internationella artister av h\u00f6gsta renomm\u00e9.<\/p>\n<p style=\"text-align: justify;\">Skimmer av Italien sv\u00e4var \u00f6ver \u00e5rets upplaga, med bidrag av <strong>Italienska Ambassaden<\/strong>, huvudsponsor i \u00e5r tack vare fr\u00e4mjandeprogrammet <strong>Vivere all\u2019Italiana<\/strong> och <strong>Italienska Kulturinstitutet<\/strong>, som starkt st\u00f6djer evenemangets genomf\u00f6rande, i enlighet med r\u00e5dande rekommendationer fr\u00e5n Folkh\u00e4lsomyndigheten.<\/p>\n<p style=\"text-align: justify;\">Italiens Ambassad\u00f6r Mario Cospito n\u00e4rvarar och inviger festivalens italienska program med <strong>Mare Nostrum<\/strong>, som tar dig pa k\u00e4rlekspromenad genom Rom med Alessandro Stradella medan <strong>Oni Wytars<\/strong> ber\u00e4ttar i tusen och en magiska melodier om Neapels m\u00e4nniskor, g\u00e5rdar och hov. Musikern <strong>Simone Vallerotondas<\/strong> hyllning till Rafaels 500 \u00e5rsjubileum, leder publiken genom en musikalisk resa p\u00e5 lutans toner till en idealisk v\u00e4rld som pr\u00e4glas av perfektion och estetisk njutning.<\/p>\n<p style=\"text-align: justify;\"><strong>La Terza Prattica<\/strong> iscens\u00e4tter en st\u00e4mningsfull barockdans med inspiration i sjuttonhundratalets Venedig och Paris.<\/p>\n<p>Program och biljetter: <a href=\"https:\/\/www.semf.se\/\">www.semf.se<\/a>. Med reservation f\u00f6r \u00e4ndringar!<\/p>\n<p><img decoding=\"async\" src=\"resource\/img\/2020\/09\/stockholm_early_music_festival_01_1.jpg\" alt=\"stockholm early music festival 01 1\" style=\"display: block; margin-left: auto; margin-right: auto;\" \/><\/p>\n","protected":false},"excerpt":{"rendered":"\u00c5rets upplaga av Stockholm Early Music Festival drar ig\u00e5ng den 8-13 september i Gamla Stans sensommarljus. Nordens st\u00f6rsta internationella evenemang f\u00f6r historisk musik \u00e4r ensam i Sverige om att presentera repertoar fr\u00e5n antik, medeltid, ren\u00e4ssans och barock i en och samma festival. Med variation och kvalitet som ledord lyfter festivalen fram den tidiga musikens bredd [&hellip;]","protected":false},"author":1,"featured_media":0,"comment_status":"","ping_status":"","sticky":false,"template":"","format":"standard","meta":{"footnotes":""},"tags":[],"class_list":["post-1364","post","type-post","status-publish","format-standard","hentry"],"_links":{"self":[{"href":"https:\/\/ambstoccolma.esteri.it\/en\/wp-json\/wp\/v2\/posts\/1364","targetHints":{"allow":["GET"]}}],"collection":[{"href":"https:\/\/ambstoccolma.esteri.it\/en\/wp-json\/wp\/v2\/posts"}],"about":[{"href":"https:\/\/ambstoccolma.esteri.it\/en\/wp-json\/wp\/v2\/types\/post"}],"author":[{"embeddable":true,"href":"https:\/\/ambstoccolma.esteri.it\/en\/wp-json\/wp\/v2\/users\/1"}],"replies":[{"embeddable":true,"href":"https:\/\/ambstoccolma.esteri.it\/en\/wp-json\/wp\/v2\/comments?post=1364"}],"version-history":[{"count":0,"href":"https:\/\/ambstoccolma.esteri.it\/en\/wp-json\/wp\/v2\/posts\/1364\/revisions"}],"wp:attachment":[{"href":"https:\/\/ambstoccolma.esteri.it\/en\/wp-json\/wp\/v2\/media?parent=1364"}],"wp:term":[{"taxonomy":"post_tag","embeddable":true,"href":"https:\/\/ambstoccolma.esteri.it\/en\/wp-json\/wp\/v2\/tags?post=1364"}],"curies":[{"name":"wp","href":"https:\/\/api.w.org\/{rel}","templated":true}]}}