{"id":1381,"date":"2020-05-28T14:50:15","date_gmt":"2020-05-28T12:50:15","guid":{"rendered":"https:\/\/ambstoccolma.esteri.it\/news\/dall_ambasciata\/2020\/05\/incontro-virtuale-dell-ambasciatore-2\/"},"modified":"2020-05-28T14:50:15","modified_gmt":"2020-05-28T12:50:15","slug":"incontro-virtuale-dell-ambasciatore-2","status":"publish","type":"post","link":"https:\/\/ambstoccolma.esteri.it\/en\/news\/dall_ambasciata\/2020\/05\/incontro-virtuale-dell-ambasciatore-2\/","title":{"rendered":"Digitalt m\u00f6te mellan ambassad\u00f6r Mario Cospito och Andreas Norl\u00e9n, Sveriges Riksdags talman."},"content":{"rendered":"<p><img loading=\"lazy\" decoding=\"async\" style=\"margin-right: auto; margin-left: auto; display: block;\" src=\"resource\/img\/2020\/05\/stemma.png\" alt=\"stemma\" width=\"203\" height=\"187\" \/><\/p>\n<p style=\"text-align: justify;\">\u00a0<\/p>\n<p style=\"text-align: justify;\">Under f\u00f6rmiddagen h\u00f6ll ambassad\u00f6r Mario Cospito ett l\u00e5ngt och givande m\u00f6te via l\u00e4nk med Sveriges Rikdags talman, Andreas Norl\u00e9n.<br \/>M\u00f6tet blev tillf\u00e4llet f\u00f6r ett samtal kring den r\u00e5dande Covid-19 pandemin, som drabbat h\u00e5rt b\u00e5de den italienska och den svenska befolkningen. F\u00f6rhoppningar hystes om att de insjuknade snart \u00e5terh\u00e4mtar sig.<br \/>Vidare diskuterades samarbetsm\u00f6jligheter mellan respektive l\u00e4ndernas parlament och det uttrycktes en \u00f6nskan att \u00e5teruppta planeringen av tidigare inst\u00e4llda bes\u00f6k, s\u00e5som italienska senatens utrikeskommitt\u00e9ns ordf\u00f6randes bes\u00f6k som skulle ha \u00e4gt rum i v\u00e5ras. M\u00f6tet avslutades med ett nyttigt \u00e5siktsutbyte om vikten av EUs roll i en snabb ekonomisk \u00e5terh\u00e4mtning och behovet av en \u00f6kad integration i den inre marknaden i syfte att, p\u00e5 medell\u00e5ng och l\u00e5ng sikt, minska de alltf\u00f6r stora oj\u00e4mlikheter mellan medlemstater och inom de enskilda EU-l\u00e4nder. Sverige och Italien kommer att spela en avg\u00f6rande roll f\u00f6r att uppn\u00e5 denna framtida europeiska vision inom ramen av deras utm\u00e4rkta bilaterala relationer, inst\u00e4mde b\u00e5de ambassad\u00f6ren och talmannen.<\/p>\n<p style=\"text-align: center;\"><img decoding=\"async\" src=\"resource\/img\/2020\/05\/norln_1.jpg\" alt=\"norln 1\" \/><\/p>\n","protected":false},"excerpt":{"rendered":"\u00a0 Under f\u00f6rmiddagen h\u00f6ll ambassad\u00f6r Mario Cospito ett l\u00e5ngt och givande m\u00f6te via l\u00e4nk med Sveriges Rikdags talman, Andreas Norl\u00e9n.M\u00f6tet blev tillf\u00e4llet f\u00f6r ett samtal kring den r\u00e5dande Covid-19 pandemin, som drabbat h\u00e5rt b\u00e5de den italienska och den svenska befolkningen. F\u00f6rhoppningar hystes om att de insjuknade snart \u00e5terh\u00e4mtar sig.Vidare diskuterades samarbetsm\u00f6jligheter mellan respektive l\u00e4ndernas parlament [&hellip;]","protected":false},"author":1,"featured_media":0,"comment_status":"","ping_status":"","sticky":false,"template":"","format":"standard","meta":{"footnotes":""},"tags":[],"class_list":["post-1381","post","type-post","status-publish","format-standard","hentry"],"_links":{"self":[{"href":"https:\/\/ambstoccolma.esteri.it\/en\/wp-json\/wp\/v2\/posts\/1381","targetHints":{"allow":["GET"]}}],"collection":[{"href":"https:\/\/ambstoccolma.esteri.it\/en\/wp-json\/wp\/v2\/posts"}],"about":[{"href":"https:\/\/ambstoccolma.esteri.it\/en\/wp-json\/wp\/v2\/types\/post"}],"author":[{"embeddable":true,"href":"https:\/\/ambstoccolma.esteri.it\/en\/wp-json\/wp\/v2\/users\/1"}],"replies":[{"embeddable":true,"href":"https:\/\/ambstoccolma.esteri.it\/en\/wp-json\/wp\/v2\/comments?post=1381"}],"version-history":[{"count":0,"href":"https:\/\/ambstoccolma.esteri.it\/en\/wp-json\/wp\/v2\/posts\/1381\/revisions"}],"wp:attachment":[{"href":"https:\/\/ambstoccolma.esteri.it\/en\/wp-json\/wp\/v2\/media?parent=1381"}],"wp:term":[{"taxonomy":"post_tag","embeddable":true,"href":"https:\/\/ambstoccolma.esteri.it\/en\/wp-json\/wp\/v2\/tags?post=1381"}],"curies":[{"name":"wp","href":"https:\/\/api.w.org\/{rel}","templated":true}]}}