{"id":2001,"date":"2023-10-27T15:34:30","date_gmt":"2023-10-27T13:34:30","guid":{"rendered":"https:\/\/ambstoccolma.esteri.it\/?p=2001"},"modified":"2023-10-31T11:50:14","modified_gmt":"2023-10-31T10:50:14","slug":"8e-upplagan-av-italienska-matveckan-i-sverige","status":"publish","type":"post","link":"https:\/\/ambstoccolma.esteri.it\/en\/news\/dall_ambasciata\/2023\/10\/8e-upplagan-av-italienska-matveckan-i-sverige\/","title":{"rendered":"8:e upplagan av Italienska Matveckan i Sverige"},"content":{"rendered":"<p>Den \u00e5ttonde upplagan av &#8220;Italienska Matveckan i V\u00e4rlden&#8221; kommer att h\u00e5llas i Sverige mellan den 13 och 27 november med temat: &#8220;Till bords p\u00e5 italienska: v\u00e4lbefinnade med smak&#8221;.<\/p>\n<p>Denna upplaga syftar till att lyfta fram kopplingen mellan Medelhavsdieten, synonym med en h\u00e4lsosam kost av h\u00f6g kvalitet, och v\u00e4lbefinnande, menat som fysisk h\u00e4lsa men ocks\u00e5 socialitet, delaktighet och fokus p\u00e5 produkternas ursprung och dess inverkan p\u00e5 milj\u00f6n.<\/p>\n<p>Den italienska ambassaden i Stockholm, tillsammans med de andra italienska institutionerna i Sverige, kommer att erbjuda ett rikt eventprogram, inklusive ett invigningsevenemang den 13 november d\u00e4r Cilento och den regionala k\u00f6ket kommer att presenteras genom boken &#8220;Den Goda Maten&#8221; och ett urval recept fr\u00e5n boken tillagade av ambassad\u00f6ren f\u00f6r Medelhavsdieten, kocken Giovanna Voria. Det italienska kulturinstitutet i Stockholm kommer att erbjuda m\u00f6jligheten att delta i en workhop-seminarie av LAC \u2013 Anthropology of Food Laboratory och Utrikeshandelsbyr\u00e5n kommer att arrangera en matlagnings-masterclass p\u00e5 en hotellskola tillsammans med den italienska kockakademin f\u00f6ljt av en galamiddag. Dessutom kommer Italien att n\u00e4rvara vid Nordic Organic Food Fair i Malm\u00f6 med en gemensam monter tillsammans med deltagande italienska ekologiska f\u00f6retag.<\/p>\n<p>F\u00f6r andra \u00e5ret i rad kommer tre dagar att \u00e4gnas \u00e5t Apulien med vinprovning, olivoljeprovning samt en middag med typiska r\u00e4tter och en matlagningsworkshop f\u00f6r skolor.<\/p>\n<p>Italienska Matveckan avslutas med &#8220;Vin och Gourmetdagarna&#8221; som anordnas av den italienska handelskammaren i Sverige i samarbete med Utrikeshandelsbyr\u00e5n. Provsmakningar av viner fr\u00e5n hela Italien och typiska produkter fr\u00e5n medelhavsk\u00f6ket kommer att erbjudas.<\/p>\n<p>F\u00f6r eventprogrammet, klicka <a href=\"https:\/\/ambstoccolma.esteri.it\/wp-content\/uploads\/2023\/10\/SCIM-2023-programma-2.pdf-2.pdf\">h\u00e4r<\/a>.<\/p>\n","protected":false},"excerpt":{"rendered":"Den \u00e5ttonde upplagan av &#8220;Italienska Matveckan i V\u00e4rlden&#8221; kommer att h\u00e5llas i Sverige mellan den 13 och 27 november med temat: &#8220;Till bords p\u00e5 italienska: v\u00e4lbefinnade med smak&#8221;. Denna upplaga syftar till att lyfta fram kopplingen mellan Medelhavsdieten, synonym med en h\u00e4lsosam kost av h\u00f6g kvalitet, och v\u00e4lbefinnande, menat som fysisk h\u00e4lsa men ocks\u00e5 socialitet, [&hellip;]","protected":false},"author":10,"featured_media":2008,"comment_status":"closed","ping_status":"closed","sticky":false,"template":"","format":"standard","meta":{"footnotes":""},"tags":[],"class_list":["post-2001","post","type-post","status-publish","format-standard","has-post-thumbnail","hentry"],"_links":{"self":[{"href":"https:\/\/ambstoccolma.esteri.it\/en\/wp-json\/wp\/v2\/posts\/2001","targetHints":{"allow":["GET"]}}],"collection":[{"href":"https:\/\/ambstoccolma.esteri.it\/en\/wp-json\/wp\/v2\/posts"}],"about":[{"href":"https:\/\/ambstoccolma.esteri.it\/en\/wp-json\/wp\/v2\/types\/post"}],"author":[{"embeddable":true,"href":"https:\/\/ambstoccolma.esteri.it\/en\/wp-json\/wp\/v2\/users\/10"}],"replies":[{"embeddable":true,"href":"https:\/\/ambstoccolma.esteri.it\/en\/wp-json\/wp\/v2\/comments?post=2001"}],"version-history":[{"count":6,"href":"https:\/\/ambstoccolma.esteri.it\/en\/wp-json\/wp\/v2\/posts\/2001\/revisions"}],"predecessor-version":[{"id":2013,"href":"https:\/\/ambstoccolma.esteri.it\/en\/wp-json\/wp\/v2\/posts\/2001\/revisions\/2013"}],"wp:featuredmedia":[{"embeddable":true,"href":"https:\/\/ambstoccolma.esteri.it\/en\/wp-json\/wp\/v2\/media\/2008"}],"wp:attachment":[{"href":"https:\/\/ambstoccolma.esteri.it\/en\/wp-json\/wp\/v2\/media?parent=2001"}],"wp:term":[{"taxonomy":"post_tag","embeddable":true,"href":"https:\/\/ambstoccolma.esteri.it\/en\/wp-json\/wp\/v2\/tags?post=2001"}],"curies":[{"name":"wp","href":"https:\/\/api.w.org\/{rel}","templated":true}]}}