{"id":2922,"date":"2024-05-22T14:45:08","date_gmt":"2024-05-22T12:45:08","guid":{"rendered":"https:\/\/ambstoccolma.esteri.it\/?p=2922"},"modified":"2024-05-22T15:00:18","modified_gmt":"2024-05-22T13:00:18","slug":"visit-of-the-swedish-secretary-of-state-for-defence-on-board-the-frigate-luigi-rizzo","status":"publish","type":"post","link":"https:\/\/ambstoccolma.esteri.it\/en\/news\/dall_ambasciata\/2024\/05\/visit-of-the-swedish-secretary-of-state-for-defence-on-board-the-frigate-luigi-rizzo\/","title":{"rendered":"Visit of the Swedish Secretary of State for Defence on board the frigate &#8220;Luigi Rizzo&#8221;"},"content":{"rendered":"<p>Bes\u00f6k av statssekreterare <strong>Peter Sandwall<\/strong> fr\u00e5n F\u00f6rsvarsdepartementet ombord p\u00e5 den italienska\u00a0 fregatten &#8220;Luigi Rizzo&#8221; som anl\u00e4nde tillbaka till Stockholm.<\/p>\n<p>Han v\u00e4lkomnades av bef\u00e4lhavare <strong>Catia Pellegrino<\/strong> och Ambassad\u00f6ren <strong>Michele Pala<\/strong>. Ett tillf\u00e4lle att \u00f6ka den italienska n\u00e4rvaron i \u00d6stersj\u00f6n och diskutera f\u00f6rst\u00e4rkningen av samarbetet mellan allierade.<\/p>\n<p>&nbsp;<\/p>\n<p>Visit of the Swedish Secretary of State for Defence <strong>Peter Sandwall<\/strong> from F\u00f6rsvarsdepartementet on board the italian frigate &#8220;Luigi Rizzo&#8221; which has returned to port in Stockholm.<\/p>\n<p>He was welcomed by Commander <strong>Catia Pellegrino<\/strong> and Ambassador <strong>Michele Pala<\/strong>. An opportunity to reinforce the Italian presence in the Baltic Sea and to discuss the strengthening of cooperation between allies.<\/p>\n<p>&nbsp;<\/p>\n","protected":false},"excerpt":{"rendered":"Bes\u00f6k av statssekreterare Peter Sandwall fr\u00e5n F\u00f6rsvarsdepartementet ombord p\u00e5 den italienska\u00a0 fregatten &#8220;Luigi Rizzo&#8221; som anl\u00e4nde tillbaka till Stockholm. Han v\u00e4lkomnades av bef\u00e4lhavare Catia Pellegrino och Ambassad\u00f6ren Michele Pala. Ett tillf\u00e4lle att \u00f6ka den italienska n\u00e4rvaron i \u00d6stersj\u00f6n och diskutera f\u00f6rst\u00e4rkningen av samarbetet mellan allierade. &nbsp; Visit of the Swedish Secretary of State for Defence [&hellip;]","protected":false},"author":6,"featured_media":2916,"comment_status":"closed","ping_status":"closed","sticky":false,"template":"","format":"standard","meta":{"footnotes":""},"tags":[],"class_list":["post-2922","post","type-post","status-publish","format-standard","has-post-thumbnail","hentry"],"_links":{"self":[{"href":"https:\/\/ambstoccolma.esteri.it\/en\/wp-json\/wp\/v2\/posts\/2922","targetHints":{"allow":["GET"]}}],"collection":[{"href":"https:\/\/ambstoccolma.esteri.it\/en\/wp-json\/wp\/v2\/posts"}],"about":[{"href":"https:\/\/ambstoccolma.esteri.it\/en\/wp-json\/wp\/v2\/types\/post"}],"author":[{"embeddable":true,"href":"https:\/\/ambstoccolma.esteri.it\/en\/wp-json\/wp\/v2\/users\/6"}],"replies":[{"embeddable":true,"href":"https:\/\/ambstoccolma.esteri.it\/en\/wp-json\/wp\/v2\/comments?post=2922"}],"version-history":[{"count":1,"href":"https:\/\/ambstoccolma.esteri.it\/en\/wp-json\/wp\/v2\/posts\/2922\/revisions"}],"predecessor-version":[{"id":2924,"href":"https:\/\/ambstoccolma.esteri.it\/en\/wp-json\/wp\/v2\/posts\/2922\/revisions\/2924"}],"wp:featuredmedia":[{"embeddable":true,"href":"https:\/\/ambstoccolma.esteri.it\/en\/wp-json\/wp\/v2\/media\/2916"}],"wp:attachment":[{"href":"https:\/\/ambstoccolma.esteri.it\/en\/wp-json\/wp\/v2\/media?parent=2922"}],"wp:term":[{"taxonomy":"post_tag","embeddable":true,"href":"https:\/\/ambstoccolma.esteri.it\/en\/wp-json\/wp\/v2\/tags?post=2922"}],"curies":[{"name":"wp","href":"https:\/\/api.w.org\/{rel}","templated":true}]}}